{"id":39220,"date":"2025-11-11T14:26:04","date_gmt":"2025-11-11T19:26:04","guid":{"rendered":"https:\/\/www.lightspeedsystems.com\/?p=39220"},"modified":"2025-11-19T17:03:50","modified_gmt":"2025-11-19T22:03:50","slug":"sleep-deprivation-in-schools-the-hidden-mental-wellness-crisis","status":"publish","type":"post","link":"https:\/\/www.lightspeedsystems.com\/fr\/blog\/sleep-deprivation-in-schools-the-hidden-mental-wellness-crisis\/","title":{"rendered":"Le manque de sommeil \u00e0 l&#039;\u00e9cole : une crise de sant\u00e9 mentale cach\u00e9e"},"content":{"rendered":"<hr class=\"wp-block-separator has-text-color has-alpha-channel-opacity has-background\" style=\"background-color:#00afd7;color:#00afd7\"\/>\n\n\n\n<h2 class=\"wp-block-heading has-text-color has-link-color wp-elements-d780e3843ee16acab9c83a0f6097c9ce\" id=\"h-3-key-takeaways\" style=\"color:#00afd7\">3 points cl\u00e9s \u00e0 retenir<\/h2>\n\n\n\n<ul class=\"wp-block-list\">\n<li class=\"has-text-color has-link-color wp-elements-73cb8eee617f0bac872cd38fe061c6cb\" style=\"color:#00afd7\"><strong>\u00c9chelle de crise cach\u00e9e : <\/strong>Plus des deux tiers des lyc\u00e9ens ne dorment pas suffisamment, ce qui engendre une cascade d&#039;anxi\u00e9t\u00e9, de d\u00e9pression et de difficult\u00e9s scolaires que les \u00e9tablissements scolaires traitent souvent comme des probl\u00e8mes distincts.<\/li>\n\n\n\n<li class=\"has-text-color has-link-color wp-elements-141814abd5646fa5845dbb13c4b6e91e\" style=\"color:#00afd7\"><strong>Solutions environnementales :<\/strong> Les modifications des horaires scolaires, les \u00e9valuations de la charge de travail et les limites impos\u00e9es \u00e0 l&#039;utilisation des technologies peuvent permettre de traiter les probl\u00e8mes de sommeil \u00e0 l&#039;\u00e9chelle de la population plus efficacement que les interventions individuelles seules.<\/li>\n\n\n\n<li class=\"has-text-color has-link-color wp-elements-4023598a47293a3e36f163c1132a410e\" style=\"color:#00afd7\"><strong>Int\u00e9gration syst\u00e8me :<\/strong> Les plateformes de communication avanc\u00e9es permettent une identification pr\u00e9coce des probl\u00e8mes de sant\u00e9 mentale li\u00e9s au sommeil, tout en offrant des voies d&#039;acc\u00e8s \u00e0 un soutien cibl\u00e9 avant que les probl\u00e8mes ne s&#039;aggravent.<\/li>\n<\/ul>\n\n\n\n<hr class=\"wp-block-separator has-text-color has-alpha-channel-opacity has-background\" style=\"background-color:#00afd7;color:#00afd7\"\/>\n\n\n\n<p>Chaque matin, des millions d&#039;\u00e9l\u00e8ves entrent dans les \u00e9tablissements scolaires, portant bien plus que leurs cartables et leurs devoirs. Ils portent le poids invisible d&#039;un manque de sommeil chronique. C&#039;est un probl\u00e8me qui<a href=\"https:\/\/www.science.org\/content\/article\/sleep-deprivation-alters-connections-brain-mouse-study-finds\" target=\"_blank\" rel=\"noreferrer noopener\"> rec\u00e2bler leur cerveau en d\u00e9veloppement.<\/a> Cela alimente encore davantage l&#039;anxi\u00e9t\u00e9, la d\u00e9pression et les difficult\u00e9s scolaires. Alors que les \u00e9coles se concentrent souvent sur les programmes et les r\u00e9sultats aux examens, le manque de sommeil des \u00e9l\u00e8ves continue de compromettre tous les objectifs \u00e9ducatifs que nous essayons d&#039;atteindre.<\/p>\n\n\n\n<p>Ce qui rend la crise du manque de sommeil chez les \u00e9l\u00e8ves particuli\u00e8rement d\u00e9vastatrice, c&#039;est qu&#039;elle passe inaper\u00e7ue. Les troubles du sommeil chez les \u00e9l\u00e8ves sont souvent consid\u00e9r\u00e9s comme un comportement normal \u00e0 l&#039;adolescence, tandis que la cascade de probl\u00e8mes de sant\u00e9 mentale qui en d\u00e9coule est trait\u00e9e comme des probl\u00e8mes distincts n\u00e9cessitant des solutions diff\u00e9rentes. Or, la fatigue repr\u00e9sente l&#039;une des causes profondes les plus faciles \u00e0 traiter des probl\u00e8mes de sant\u00e9 mentale qui accablent nos \u00e9coles.<\/p>\n\n\n\n<h2 class=\"wp-block-heading\" id=\"h-the-scope-of-student-sleep-problems\">L&#039;ampleur des troubles du sommeil chez les \u00e9tudiants<\/h2>\n\n\n\n<p>Les statistiques r\u00e9v\u00e8lent une g\u00e9n\u00e9ration en crise. Le pourcentage de lyc\u00e9ens souffrant d&#039;insomnie a augment\u00e9 entre 2009 et 2021, selon\u2026<a href=\"https:\/\/www.cdc.gov\/sleep\/data-research\/facts-stats\/high-school-students-sleep-facts-and-stats.html\" target=\"_blank\" rel=\"noreferrer noopener\"> Donn\u00e9es du CDC.<\/a> Plus que<a href=\"https:\/\/www.apta.org\/news\/2018\/01\/29\/cdc-most-middle-and-high-school-students-dont-get-enough-sleep\" target=\"_blank\" rel=\"noreferrer noopener\"> deux tiers<\/a> De nombreux adolescents scolaris\u00e9s au lyc\u00e9e ne dorment pas suffisamment, et la situation semble s&#039;aggraver.<\/p>\n\n\n\n<p>Il ne s&#039;agit pas simplement d&#039;une sensation de fatigue en d\u00e9but de cours. Les troubles du sommeil chez les adolescents ont un effet domino qui affecte tous les aspects de leur bien-\u00eatre et de leurs performances scolaires. <a href=\"https:\/\/childmind.org\/article\/happens-teenagers-dont-get-enough-sleep\/\" target=\"_blank\" rel=\"noreferrer noopener\">Une \u00e9tude<\/a> Il a \u00e9t\u00e9 constat\u00e9 que les adolescents qui ne dorment pas suffisamment souffrent d&#039;anxi\u00e9t\u00e9, de stress et de d\u00e9pression. Ces sympt\u00f4mes rendent le sommeil encore plus difficile par la suite, cr\u00e9ant ainsi un cercle vicieux.<\/p>\n\n\n\n<p>Comprendre ce cycle devient extr\u00eamement important pour les \u00e9ducateurs qui constatent un nombre croissant d&#039;\u00e9l\u00e8ves confront\u00e9s \u00e0 des probl\u00e8mes de r\u00e9gulation \u00e9motionnelle, d&#039;attention et de comportement que d&#039;autres interventions n&#039;ont pas encore permis de r\u00e9soudre.<\/p>\n\n\n\n<h2 class=\"wp-block-heading\" id=\"h-how-sleep-deprivation-rewires-developing-brains\">Comment le manque de sommeil modifie le d\u00e9veloppement du cerveau<\/h2>\n\n\n\n<p>Le cerveau adolescent subit une reconstruction massive durant l&#039;adolescence, faisant d&#039;un sommeil suffisant un \u00e9l\u00e9ment fondamental d&#039;un d\u00e9veloppement mental sain. Le manque de sommeil augmente la probabilit\u00e9 que les adolescents souffrent de nombreux probl\u00e8mes de sant\u00e9. <a href=\"https:\/\/med.stanford.edu\/news\/all-news\/2015\/10\/among-teens-sleep-deprivation-an-epidemic.html\" target=\"_blank\" rel=\"noreferrer noopener\">cons\u00e9quences n\u00e9gatives,<\/a> notamment une incapacit\u00e9 \u00e0 se concentrer, de mauvais r\u00e9sultats scolaires, des accidents de conduite en \u00e9tat de somnolence, de l&#039;anxi\u00e9t\u00e9, de la d\u00e9pression, des pens\u00e9es suicidaires et m\u00eame des tentatives de suicide.<\/p>\n\n\n\n<p>Lorsque les \u00e9l\u00e8ves ne se reposent pas suffisamment, leur cerveau ne peut pas accomplir les processus nocturnes essentiels \u00e0 la consolidation des apprentissages, \u00e0 la r\u00e9gulation des \u00e9motions et \u00e0 l&#039;\u00e9limination des d\u00e9chets m\u00e9taboliques. Cette perturbation biologique affecte tous les syst\u00e8mes de leur corps et de leur esprit en d\u00e9veloppement.<\/p>\n\n\n\n<p>Le lien entre le sommeil et les performances scolaires va bien au-del\u00e0 de la simple vigilance. De nombreuses \u00e9tudes montrent que les jeunes qui dorment moins <a href=\"https:\/\/med.stanford.edu\/news\/all-news\/2015\/10\/among-teens-sleep-deprivation-an-epidemic.html\" target=\"_blank\" rel=\"noreferrer noopener\">souffrir sur le plan scolaire,<\/a> Le manque de sommeil chronique nuit \u00e0 la capacit\u00e9 de m\u00e9moriser, de se concentrer, de penser de mani\u00e8re abstraite et de r\u00e9soudre des probl\u00e8mes. Les \u00e9coles qui investissent massivement dans des interventions p\u00e9dagogiques n\u00e9gligent souvent cette condition essentielle \u00e0 la r\u00e9ussite scolaire.<\/p>\n\n\n\n<h2 class=\"wp-block-heading\" id=\"h-the-mental-wellness-connection-we-can-t-ignore\">Le lien avec le bien-\u00eatre mental que nous ne pouvons ignorer<\/h2>\n\n\n\n<p>Des recherches montrent que le manque de sommeil chez les \u00e9l\u00e8ves contribue directement \u00e0 la crise de sant\u00e9 mentale qui touche de nombreux \u00e9tablissements scolaires aujourd&#039;hui. Il existe un lien \u00e9troit entre le sommeil des \u00e9l\u00e8ves et les sympt\u00f4mes de la d\u00e9pression. <a href=\"https:\/\/www.prb.org\/resources\/more-sleep-could-improve-many-u-s-teenagers-mental-health\/\" target=\"_blank\" rel=\"noreferrer noopener\">Dans une \u00e9tude de 2019, <\/a>Widome et ses coll\u00e8gues ont d\u00e9montr\u00e9 qu&#039;environ un \u00e9l\u00e8ve sur trois dormant moins de six heures par nuit pr\u00e9sentait de nombreux sympt\u00f4mes d\u00e9pressifs, contre un \u00e9l\u00e8ve sur dix environ b\u00e9n\u00e9ficiant d&#039;un sommeil suffisant. Ce lien pose des d\u00e9fis importants aux conseillers d&#039;orientation et aux directions d&#039;\u00e9tablissement scolaire qui s&#039;efforcent de promouvoir le bien-\u00eatre mental des \u00e9l\u00e8ves.<\/p>\n\n\n\n<p>Lorsque les \u00e9coles commenceront \u00e0 souligner que le sommeil est un facteur fondamental du bien-\u00eatre mental, elles pourront mettre en \u0153uvre des strat\u00e9gies de soutien plus efficaces qui s&#039;attaquent aux causes profondes plut\u00f4t que de simplement g\u00e9rer les sympt\u00f4mes une fois qu&#039;ils sont apparus.<\/p>\n\n\n\n<h2 class=\"wp-block-heading\" id=\"h-environmental-changes-for-k-12-schools-to-implement\">Changements environnementaux \u00e0 mettre en \u0153uvre dans les \u00e9coles primaires et secondaires<\/h2>\n\n\n\n<p>Contrairement aux th\u00e9rapies individuelles ou \u00e0 la gestion m\u00e9dicamenteuse, les solutions environnementales favorisant le sommeil peuvent b\u00e9n\u00e9ficier simultan\u00e9ment \u00e0 l&#039;ensemble des \u00e9l\u00e8ves. La recherche soutient plusieurs approches mises en \u0153uvre en milieu scolaire qui pr\u00e9sentent des r\u00e9sultats mesurables en mati\u00e8re d&#039;am\u00e9lioration du sommeil et du bien-\u00eatre mental.<\/p>\n\n\n\n<ul class=\"wp-block-list\">\n<li><strong>Modifications d&#039;horaire : <\/strong>Commencer les cours au lyc\u00e9e plus tard le matin est le <a href=\"https:\/\/www.prb.org\/resources\/more-sleep-could-improve-many-u-s-teenagers-mental-health\/\" target=\"_blank\" rel=\"noreferrer noopener\">num\u00e9ro un<\/a> D&#039;apr\u00e8s les chercheurs sp\u00e9cialis\u00e9s dans le sommeil, l&#039;instauration d&#039;horaires de d\u00e9but de cours plus tardifs am\u00e9liore le sommeil des adolescents. Les \u00e9coles qui mettent en place ces horaires constatent syst\u00e9matiquement des am\u00e9liorations au niveau de la dur\u00e9e du sommeil, du taux de pr\u00e9sence et des r\u00e9sultats scolaires.<\/li>\n\n\n\n<li><strong>\u00c9valuation de la charge de travail acad\u00e9mique\u00a0:<\/strong> Les responsables scolaires et les enseignants pourraient \u00e9valuer si les \u00e9l\u00e8ves sacrifient leur sommeil pour faire leurs devoirs et adapter leurs attentes en cons\u00e9quence. Cela est particuli\u00e8rement important pendant les p\u00e9riodes de stress intense comme la semaine des examens.<\/li>\n\n\n\n<li><strong>Fronti\u00e8res technologiques :<\/strong> Dans un <a href=\"https:\/\/www.prb.org\/resources\/more-sleep-could-improve-many-u-s-teenagers-mental-health\/\" target=\"_blank\" rel=\"noreferrer noopener\">\u00e9tude de 2019<\/a>, Les adolescents qui ne dorment pas suffisamment ont tendance \u00e0 passer deux fois plus de temps sur les \u00e9crans que leurs pairs. Ils sont particuli\u00e8rement susceptibles d&#039;utiliser ces appareils apr\u00e8s s&#039;\u00eatre couch\u00e9s. Les \u00e9tablissements scolaires peuvent rem\u00e9dier \u00e0 ce probl\u00e8me en cr\u00e9ant des zones sans \u00e9crans et en sensibilisant les familles aux cons\u00e9quences du temps pass\u00e9 devant les \u00e9crans sur le sommeil des adolescents.<\/li>\n\n\n\n<li><strong>Conception de l&#039;environnement :<\/strong> Cr\u00e9er des espaces qui favorisent, plut\u00f4t que de perturber, les rythmes naturels du sommeil (par le choix de l&#039;\u00e9clairage, la gestion du bruit et la planification des horaires) aide les adolescents \u00e0 maintenir <a href=\"https:\/\/pmc.ncbi.nlm.nih.gov\/articles\/PMC10693907\/\" target=\"_blank\" rel=\"noreferrer noopener\">des habitudes plus saines <\/a>tout au long de la journ\u00e9e scolaire.<\/li>\n<\/ul>\n\n\n\n<p>Si les changements environnementaux permettent de relever les d\u00e9fis \u00e0 l&#039;\u00e9chelle de la population, les \u00e9coles ont \u00e9galement besoin de syst\u00e8mes pour identifier les individus dont les probl\u00e8mes de sommeil n\u00e9cessitent une intervention cibl\u00e9e.<\/p>\n\n\n\n<h2 class=\"wp-block-heading\" id=\"h-early-identification-of-student-sleep-deprivation-and-response-systems\">Identification pr\u00e9coce de la privation de sommeil chez les \u00e9l\u00e8ves et syst\u00e8mes de r\u00e9ponse<\/h2>\n\n\n\n<p>Le manque de sommeil chronique est souvent \u00e0 l&#039;origine de difficult\u00e9s que les enseignants et les conseillers scolaires remarquent, mais qu&#039;ils peinent \u00e0 r\u00e9soudre efficacement. Les \u00e9l\u00e8ves pr\u00e9sentant des changements soudains dans leurs r\u00e9sultats scolaires, une r\u00e9activit\u00e9 \u00e9motionnelle accrue ou des comportements inqui\u00e9tants peuvent souffrir de troubles du sommeil ayant des r\u00e9percussions sur leur bien-\u00eatre mental et n\u00e9cessitant des r\u00e9ponses adapt\u00e9es.<\/p>\n\n\n\n<p>Les plateformes de signalement anonymes comme <a href=\"https:\/\/www.lightspeedsystems.com\/fr\/products\/lightspeed-stopit\/\" target=\"_blank\" rel=\"noreferrer noopener\">Lightspeed StopIt\u2122<\/a> Permettre aux jeunes de communiquer en toute confidentialit\u00e9 leurs pr\u00e9occupations concernant leurs troubles du sommeil, leur niveau de stress ou leurs probl\u00e8mes de sant\u00e9 mentale, et les mettre en relation avec un soutien adapt\u00e9 avant que les probl\u00e8mes ne d\u00e9g\u00e9n\u00e8rent en situations de crise. Ces syst\u00e8mes de communication sont particuli\u00e8rement pr\u00e9cieux car de nombreux jeunes confront\u00e9s \u00e0 des probl\u00e8mes de sant\u00e9 mentale li\u00e9s au sommeil se sentent d\u00e9pass\u00e9s ou honteux, ce qui les rend r\u00e9ticents \u00e0 demander de l&#039;aide par d&#039;autres voies.<\/p>\n\n\n\n<p>Les plateformes de communication num\u00e9rique offrent des fonctionnalit\u00e9s sophistiqu\u00e9es que les m\u00e9thodes d&#039;identification traditionnelles ne peuvent souvent \u00e9galer. Les syst\u00e8mes avanc\u00e9s permettent une reconnaissance des tendances en temps r\u00e9el. Ceci permet aux administrateurs de rep\u00e9rer les tendances pr\u00e9occupantes chez plusieurs \u00e9l\u00e8ves ou d&#039;identifier les cas individuels o\u00f9 des probl\u00e8mes de sant\u00e9 mentale li\u00e9s au sommeil pourraient se d\u00e9velopper. Ces plateformes offrent \u00e9galement des fonctionnalit\u00e9s de documentation s\u00e9curis\u00e9es qui aident les \u00e9tablissements scolaires \u00e0 suivre les r\u00e9sultats des interventions et \u00e0 affiner leurs approches au fil du temps.<\/p>\n\n\n\n<p>Lors de l&#039;\u00e9valuation des solutions technologiques, les \u00e9coles devraient privil\u00e9gier les syst\u00e8mes qui combinent des capacit\u00e9s de r\u00e9ponse imm\u00e9diate avec des outils d&#039;analyse de donn\u00e9es complets, afin de pouvoir \u00e0 la fois faire face aux situations urgentes et mieux comprendre le sommeil et les habitudes de vie de leurs \u00e9l\u00e8ves.<a href=\"https:\/\/www.lightspeedsystems.com\/fr\/blog\/5-critical-mental-wellness-issues-affecting-todays-students\/\" target=\"_blank\" rel=\"noreferrer noopener\"> besoins en mati\u00e8re de bien-\u00eatre mental.<\/a><\/p>\n\n\n\n<h2 class=\"wp-block-heading\" id=\"h-creating-comprehensive-sleep-wellness-programs\">Cr\u00e9ation de programmes complets de bien-\u00eatre et de sommeil<\/h2>\n\n\n\n<p>Les solutions les plus efficaces int\u00e8grent le soutien au sommeil dans des initiatives de bien-\u00eatre plus larges, plut\u00f4t que de le traiter comme un probl\u00e8me distinct. Les \u00e9coles qui mettent en \u0153uvre ces solutions int\u00e8grent le soutien au sommeil dans des initiatives de bien-\u00eatre plus vastes. <a href=\"https:\/\/www.lightspeedsystems.com\/fr\/blog\/high-quality-training-nurture-holistic-wellness-in-your-k-12-classrooms\/\" target=\"_blank\" rel=\"noreferrer noopener\">programmes complets <\/a>On constate des am\u00e9liorations sur plusieurs indicateurs, notamment les r\u00e9sultats scolaires, les incidents comportementaux, les taux de pr\u00e9sence et le bien-\u00eatre des \u00e9l\u00e8ves.<\/p>\n\n\n\n<ul class=\"wp-block-list\">\n<li><strong>Composantes de l&#039;\u00e9ducation :<\/strong> Sensibiliser les jeunes \u00e0 la science du sommeil, aux rythmes circadiens et au lien entre le repos et le bien-\u00eatre mental leur permet de prendre des d\u00e9cisions \u00e9clair\u00e9es concernant leurs habitudes de sommeil et de reconna\u00eetre quand ils ont besoin d&#039;un soutien suppl\u00e9mentaire.<\/li>\n\n\n\n<li><strong>Implication des familles :<\/strong> \u00c9tant donn\u00e9 que de nombreux troubles du sommeil persistent en dehors des heures de classe, impliquer les familles dans l&#039;\u00e9ducation au bien-\u00eatre du sommeil contribue \u00e0 renforcer les bonnes habitudes \u00e0 la maison, en donnant aux parents des outils pour soutenir le bien-\u00eatre mental de leurs enfants.<\/li>\n\n\n\n<li><strong>Formation du personnel :<\/strong> Aider les enseignants \u00e0 reconna\u00eetre les sympt\u00f4mes du manque de sommeil leur permet de r\u00e9pondre plus efficacement aux besoins des \u00e9l\u00e8ves et d&#039;ajuster leurs attentes lorsque les probl\u00e8mes de sommeil affectent les performances en classe.<\/li>\n\n\n\n<li><strong>Protocoles d&#039;intervention :<\/strong> Mettre en place des dispositifs clairs pour les jeunes confront\u00e9s \u00e0 des probl\u00e8mes de sommeil et de sant\u00e9 mentale garantit que ces probl\u00e8mes soient trait\u00e9s plus rapidement avant qu&#039;ils ne s&#039;aggravent.<\/li>\n<\/ul>\n\n\n\n<p>Pour assurer un succ\u00e8s durable, il est essentiel d&#039;int\u00e9grer la sensibilisation au bien-\u00eatre du sommeil dans l&#039;ensemble du fonctionnement et de l&#039;environnement scolaire. Cela implique d&#039;aller au-del\u00e0 des programmes \u00e9ducatifs ponctuels et de mettre en \u0153uvre des changements environnementaux permanents qui favorisent durablement le sommeil et le bien-\u00eatre mental des \u00e9l\u00e8ves.<\/p>\n\n\n\n<h2 class=\"wp-block-heading\" id=\"h-building-sustainable-sleep-support-environments\">Cr\u00e9er des environnements durables favorisant le sommeil<\/h2>\n\n\n\n<p>Les \u00e9tablissements scolaires doivent reconna\u00eetre que le manque de sommeil chez les \u00e9l\u00e8ves constitue un obstacle majeur \u00e0 la r\u00e9alisation de tous leurs autres objectifs \u00e9ducatifs et de bien-\u00eatre. En r\u00e9pondant \u00e0 ce besoin fondamental, ils cr\u00e9ent les conditions propices \u00e0 l&#039;efficacit\u00e9 des autres interventions et offrent aux jeunes de meilleures perspectives d&#039;\u00e9panouissement.<\/p>\n\n\n\n<p>L&#039;investissement dans les programmes de bien-\u00eatre du sommeil porte ses fruits \u00e0 tous les niveaux du fonctionnement scolaire\u00a0: r\u00e9duction des incidents disciplinaires, am\u00e9lioration des r\u00e9sultats scolaires et diminution des crises de sant\u00e9 mentale qui surchargent les services de soutien psychologique. Des changements relativement simples peuvent engendrer des am\u00e9liorations significatives.<a href=\"https:\/\/www.lightspeedsystems.com\/fr\/blog\/a-guide-for-creating-a-safe-and-supportive-k-12-classroom-environment\/\" target=\"_blank\" rel=\"noreferrer noopener\"> le bien-\u00eatre des \u00e9tudiants<\/a> et la r\u00e9ussite scolaire. L\u2019ensemble du syst\u00e8me scolaire en b\u00e9n\u00e9ficie lorsque cette question de bien-\u00eatre mental est prise au s\u00e9rieux.<\/p>","protected":false},"excerpt":{"rendered":"<p>Ce probl\u00e8me perturbe profond\u00e9ment le d\u00e9veloppement de leur cerveau. Il alimente \u00e9galement une anxi\u00e9t\u00e9 intense, la d\u00e9pression et les difficult\u00e9s scolaires. Alors que les \u00e9coles se concentrent souvent sur les programmes et les r\u00e9sultats aux tests, le manque de sommeil continue de compromettre tous les objectifs \u00e9ducatifs que nous essayons d&#039;atteindre.<\/p>","protected":false},"author":19,"featured_media":39222,"comment_status":"closed","ping_status":"open","sticky":false,"template":"","format":"standard","meta":{"_acf_changed":false,"_yoast_wpseo_focuskw":"sleep deprivation","_yoast_wpseo_title":"Student Sleep Deprivation: The Hidden Mental Wellness Crisis","_yoast_wpseo_metadesc":"Chronic sleep deprivation commonly causes mental wellness issues for K-12 students. With tools and changes, both wellness and grades improve.","footnotes":""},"categories":[1],"tags":[111,23],"class_list":["post-39220","post","type-post","status-publish","format-standard","has-post-thumbnail","hentry","category-uncategorized","tag-lightspeed-stopit","tag-student-mental-health"],"acf":{"authors":[35527]},"yoast_head":"<!-- This site is optimized with the Yoast SEO Premium plugin v27.4 (Yoast SEO v27.4) - https:\/\/yoast.com\/product\/yoast-seo-premium-wordpress\/ -->\n<title>Student Sleep Deprivation: The Hidden Mental Wellness Crisis<\/title>\n<meta name=\"description\" content=\"Chronic sleep deprivation commonly causes mental wellness issues for K-12 students. With tools and changes, both wellness and grades improve.\" \/>\n<meta name=\"robots\" content=\"index, follow, max-snippet:-1, max-image-preview:large, max-video-preview:-1\" \/>\n<link rel=\"canonical\" href=\"https:\/\/www.lightspeedsystems.com\/fr\/blog\/sleep-deprivation-in-schools-the-hidden-mental-wellness-crisis\/\" \/>\n<meta property=\"og:locale\" content=\"fr_FR\" \/>\n<meta property=\"og:type\" content=\"article\" \/>\n<meta property=\"og:title\" content=\"Sleep Deprivation in Schools: The Hidden Mental Wellness Crisis\" \/>\n<meta property=\"og:description\" content=\"Chronic sleep deprivation commonly causes mental wellness issues for K-12 students. With tools and changes, both wellness and grades improve.\" \/>\n<meta property=\"og:url\" content=\"https:\/\/www.lightspeedsystems.com\/fr\/blog\/sleep-deprivation-in-schools-the-hidden-mental-wellness-crisis\/\" \/>\n<meta property=\"og:site_name\" content=\"Lightspeed Systems\" \/>\n<meta property=\"article:publisher\" content=\"https:\/\/www.facebook.com\/lightspeedsystems\/\" \/>\n<meta property=\"article:published_time\" content=\"2025-11-11T19:26:04+00:00\" \/>\n<meta property=\"article:modified_time\" content=\"2025-11-19T22:03:50+00:00\" \/>\n<meta property=\"og:image\" content=\"https:\/\/www.lightspeedsystems.com\/wp-content\/uploads\/2025\/11\/sleep-deprived-student-desk.jpeg\" \/>\n\t<meta property=\"og:image:width\" content=\"1480\" \/>\n\t<meta property=\"og:image:height\" content=\"960\" \/>\n\t<meta property=\"og:image:type\" content=\"image\/jpeg\" \/>\n<meta name=\"author\" content=\"gracemellette\" \/>\n<meta name=\"twitter:card\" content=\"summary_large_image\" \/>\n<meta name=\"twitter:creator\" content=\"@lightspeedsys\" \/>\n<meta name=\"twitter:site\" content=\"@lightspeedsys\" \/>\n<meta name=\"twitter:label1\" content=\"Written by\" \/>\n\t<meta name=\"twitter:data1\" content=\"Kevin Askew\" \/>\n\t<meta name=\"twitter:label2\" content=\"Est. reading time\" \/>\n\t<meta name=\"twitter:data2\" content=\"7 minutes\" \/>\n<script type=\"application\/ld+json\" class=\"yoast-schema-graph\">{\"@context\":\"https:\\\/\\\/schema.org\",\"@graph\":[{\"@type\":\"Article\",\"@id\":\"https:\\\/\\\/www.lightspeedsystems.com\\\/blog\\\/sleep-deprivation-in-schools-the-hidden-mental-wellness-crisis\\\/#article\",\"isPartOf\":{\"@id\":\"https:\\\/\\\/www.lightspeedsystems.com\\\/blog\\\/sleep-deprivation-in-schools-the-hidden-mental-wellness-crisis\\\/\"},\"author\":{\"name\":\"gracemellette\",\"@id\":\"https:\\\/\\\/www.lightspeedsystems.com\\\/zh\\\/#\\\/schema\\\/person\\\/a996dc5e11a575f0b42c0e12340978aa\"},\"headline\":\"Sleep Deprivation in Schools: The Hidden Mental Wellness Crisis\",\"datePublished\":\"2025-11-11T19:26:04+00:00\",\"dateModified\":\"2025-11-19T22:03:50+00:00\",\"mainEntityOfPage\":{\"@id\":\"https:\\\/\\\/www.lightspeedsystems.com\\\/blog\\\/sleep-deprivation-in-schools-the-hidden-mental-wellness-crisis\\\/\"},\"wordCount\":1351,\"publisher\":{\"@id\":\"https:\\\/\\\/www.lightspeedsystems.com\\\/zh\\\/#organization\"},\"image\":{\"@id\":\"https:\\\/\\\/www.lightspeedsystems.com\\\/blog\\\/sleep-deprivation-in-schools-the-hidden-mental-wellness-crisis\\\/#primaryimage\"},\"thumbnailUrl\":\"https:\\\/\\\/www.lightspeedsystems.com\\\/wp-content\\\/uploads\\\/2025\\\/11\\\/sleep-deprived-student-desk.jpeg\",\"keywords\":[\"Lightspeed StopIt\u2122\",\"Student Mental Health\"],\"articleSection\":[\"Uncategorized\"],\"inLanguage\":\"fr-FR\"},{\"@type\":\"WebPage\",\"@id\":\"https:\\\/\\\/www.lightspeedsystems.com\\\/blog\\\/sleep-deprivation-in-schools-the-hidden-mental-wellness-crisis\\\/\",\"url\":\"https:\\\/\\\/www.lightspeedsystems.com\\\/blog\\\/sleep-deprivation-in-schools-the-hidden-mental-wellness-crisis\\\/\",\"name\":\"Student Sleep Deprivation: The Hidden Mental Wellness Crisis\",\"isPartOf\":{\"@id\":\"https:\\\/\\\/www.lightspeedsystems.com\\\/zh\\\/#website\"},\"primaryImageOfPage\":{\"@id\":\"https:\\\/\\\/www.lightspeedsystems.com\\\/blog\\\/sleep-deprivation-in-schools-the-hidden-mental-wellness-crisis\\\/#primaryimage\"},\"image\":{\"@id\":\"https:\\\/\\\/www.lightspeedsystems.com\\\/blog\\\/sleep-deprivation-in-schools-the-hidden-mental-wellness-crisis\\\/#primaryimage\"},\"thumbnailUrl\":\"https:\\\/\\\/www.lightspeedsystems.com\\\/wp-content\\\/uploads\\\/2025\\\/11\\\/sleep-deprived-student-desk.jpeg\",\"datePublished\":\"2025-11-11T19:26:04+00:00\",\"dateModified\":\"2025-11-19T22:03:50+00:00\",\"description\":\"Chronic sleep deprivation commonly causes mental wellness issues for K-12 students. With tools and changes, both wellness and grades improve.\",\"breadcrumb\":{\"@id\":\"https:\\\/\\\/www.lightspeedsystems.com\\\/blog\\\/sleep-deprivation-in-schools-the-hidden-mental-wellness-crisis\\\/#breadcrumb\"},\"inLanguage\":\"fr-FR\",\"potentialAction\":[{\"@type\":\"ReadAction\",\"target\":[\"https:\\\/\\\/www.lightspeedsystems.com\\\/blog\\\/sleep-deprivation-in-schools-the-hidden-mental-wellness-crisis\\\/\"]}]},{\"@type\":\"ImageObject\",\"inLanguage\":\"fr-FR\",\"@id\":\"https:\\\/\\\/www.lightspeedsystems.com\\\/blog\\\/sleep-deprivation-in-schools-the-hidden-mental-wellness-crisis\\\/#primaryimage\",\"url\":\"https:\\\/\\\/www.lightspeedsystems.com\\\/wp-content\\\/uploads\\\/2025\\\/11\\\/sleep-deprived-student-desk.jpeg\",\"contentUrl\":\"https:\\\/\\\/www.lightspeedsystems.com\\\/wp-content\\\/uploads\\\/2025\\\/11\\\/sleep-deprived-student-desk.jpeg\",\"width\":1480,\"height\":960},{\"@type\":\"BreadcrumbList\",\"@id\":\"https:\\\/\\\/www.lightspeedsystems.com\\\/blog\\\/sleep-deprivation-in-schools-the-hidden-mental-wellness-crisis\\\/#breadcrumb\",\"itemListElement\":[{\"@type\":\"ListItem\",\"position\":1,\"name\":\"Home\",\"item\":\"https:\\\/\\\/www.lightspeedsystems.com\\\/\"},{\"@type\":\"ListItem\",\"position\":2,\"name\":\"Sleep Deprivation in Schools: The Hidden Mental Wellness Crisis\"}]},{\"@type\":\"WebSite\",\"@id\":\"https:\\\/\\\/www.lightspeedsystems.com\\\/zh\\\/#website\",\"url\":\"https:\\\/\\\/www.lightspeedsystems.com\\\/zh\\\/\",\"name\":\"Lightspeed Systems\",\"description\":\"Helping K-12 communities provide safe, secure, and equitable education\u2014effortlessly.\",\"publisher\":{\"@id\":\"https:\\\/\\\/www.lightspeedsystems.com\\\/zh\\\/#organization\"},\"potentialAction\":[{\"@type\":\"SearchAction\",\"target\":{\"@type\":\"EntryPoint\",\"urlTemplate\":\"https:\\\/\\\/www.lightspeedsystems.com\\\/zh\\\/?s={search_term_string}\"},\"query-input\":{\"@type\":\"PropertyValueSpecification\",\"valueRequired\":true,\"valueName\":\"search_term_string\"}}],\"inLanguage\":\"fr-FR\"},{\"@type\":\"Organization\",\"@id\":\"https:\\\/\\\/www.lightspeedsystems.com\\\/zh\\\/#organization\",\"name\":\"Lightspeed Systems\",\"url\":\"https:\\\/\\\/www.lightspeedsystems.com\\\/zh\\\/\",\"logo\":{\"@type\":\"ImageObject\",\"inLanguage\":\"fr-FR\",\"@id\":\"https:\\\/\\\/www.lightspeedsystems.com\\\/zh\\\/#\\\/schema\\\/logo\\\/image\\\/\",\"url\":\"https:\\\/\\\/www.lightspeedsystems.com\\\/wp-content\\\/uploads\\\/2024\\\/12\\\/lightspeed_systems_logo.svg\",\"contentUrl\":\"https:\\\/\\\/www.lightspeedsystems.com\\\/wp-content\\\/uploads\\\/2024\\\/12\\\/lightspeed_systems_logo.svg\",\"caption\":\"Lightspeed Systems\"},\"image\":{\"@id\":\"https:\\\/\\\/www.lightspeedsystems.com\\\/zh\\\/#\\\/schema\\\/logo\\\/image\\\/\"},\"sameAs\":[\"https:\\\/\\\/www.facebook.com\\\/lightspeedsystems\\\/\",\"https:\\\/\\\/x.com\\\/lightspeedsys\",\"https:\\\/\\\/www.linkedin.com\\\/company\\\/lightspeed-systems\\\/\"]},{\"@type\":\"Person\",\"@id\":\"https:\\\/\\\/www.lightspeedsystems.com\\\/zh\\\/#\\\/schema\\\/person\\\/a996dc5e11a575f0b42c0e12340978aa\",\"name\":\"gracemellette\",\"image\":{\"@type\":\"ImageObject\",\"inLanguage\":\"fr-FR\",\"@id\":\"https:\\\/\\\/secure.gravatar.com\\\/avatar\\\/618018ae54f6cabf8dcfeba46b0734c9b0a3e36b133a10a6130d917ad395cbd9?s=96&d=mm&r=g\",\"url\":\"https:\\\/\\\/secure.gravatar.com\\\/avatar\\\/618018ae54f6cabf8dcfeba46b0734c9b0a3e36b133a10a6130d917ad395cbd9?s=96&d=mm&r=g\",\"contentUrl\":\"https:\\\/\\\/secure.gravatar.com\\\/avatar\\\/618018ae54f6cabf8dcfeba46b0734c9b0a3e36b133a10a6130d917ad395cbd9?s=96&d=mm&r=g\",\"caption\":\"gracemellette\"},\"url\":\"https:\\\/\\\/www.lightspeedsystems.com\\\/fr\\\/person\\\/kevin-askew\\\/\"}]}<\/script>\n<!-- \/ Yoast SEO Premium plugin. -->","yoast_head_json":{"title":"Le manque de sommeil chez les \u00e9tudiants : une crise de sant\u00e9 mentale cach\u00e9e","description":"Le manque de sommeil chronique est une cause fr\u00e9quente de probl\u00e8mes de sant\u00e9 mentale chez les \u00e9l\u00e8ves du primaire et du secondaire. Gr\u00e2ce \u00e0 des outils et des changements adapt\u00e9s, leur bien-\u00eatre et leurs r\u00e9sultats scolaires s&#039;am\u00e9liorent.","robots":{"index":"index","follow":"follow","max-snippet":"max-snippet:-1","max-image-preview":"max-image-preview:large","max-video-preview":"max-video-preview:-1"},"canonical":"https:\/\/www.lightspeedsystems.com\/fr\/blog\/sleep-deprivation-in-schools-the-hidden-mental-wellness-crisis\/","og_locale":"fr_FR","og_type":"article","og_title":"Sleep Deprivation in Schools: The Hidden Mental Wellness Crisis","og_description":"Chronic sleep deprivation commonly causes mental wellness issues for K-12 students. With tools and changes, both wellness and grades improve.","og_url":"https:\/\/www.lightspeedsystems.com\/fr\/blog\/sleep-deprivation-in-schools-the-hidden-mental-wellness-crisis\/","og_site_name":"Lightspeed Systems","article_publisher":"https:\/\/www.facebook.com\/lightspeedsystems\/","article_published_time":"2025-11-11T19:26:04+00:00","article_modified_time":"2025-11-19T22:03:50+00:00","og_image":[{"width":1480,"height":960,"url":"https:\/\/www.lightspeedsystems.com\/wp-content\/uploads\/2025\/11\/sleep-deprived-student-desk.jpeg","type":"image\/jpeg"}],"author":"gracemellette","twitter_card":"summary_large_image","twitter_creator":"@lightspeedsys","twitter_site":"@lightspeedsys","twitter_misc":{"Written by":"Kevin Askew","Est. reading time":"7 minutes"},"schema":{"@context":"https:\/\/schema.org","@graph":[{"@type":"Article","@id":"https:\/\/www.lightspeedsystems.com\/blog\/sleep-deprivation-in-schools-the-hidden-mental-wellness-crisis\/#article","isPartOf":{"@id":"https:\/\/www.lightspeedsystems.com\/blog\/sleep-deprivation-in-schools-the-hidden-mental-wellness-crisis\/"},"author":{"name":"gracemellette","@id":"https:\/\/www.lightspeedsystems.com\/zh\/#\/schema\/person\/a996dc5e11a575f0b42c0e12340978aa"},"headline":"Sleep Deprivation in Schools: The Hidden Mental Wellness Crisis","datePublished":"2025-11-11T19:26:04+00:00","dateModified":"2025-11-19T22:03:50+00:00","mainEntityOfPage":{"@id":"https:\/\/www.lightspeedsystems.com\/blog\/sleep-deprivation-in-schools-the-hidden-mental-wellness-crisis\/"},"wordCount":1351,"publisher":{"@id":"https:\/\/www.lightspeedsystems.com\/zh\/#organization"},"image":{"@id":"https:\/\/www.lightspeedsystems.com\/blog\/sleep-deprivation-in-schools-the-hidden-mental-wellness-crisis\/#primaryimage"},"thumbnailUrl":"https:\/\/www.lightspeedsystems.com\/wp-content\/uploads\/2025\/11\/sleep-deprived-student-desk.jpeg","keywords":["Lightspeed StopIt\u2122","Student Mental Health"],"articleSection":["Uncategorized"],"inLanguage":"fr-FR"},{"@type":"WebPage","@id":"https:\/\/www.lightspeedsystems.com\/blog\/sleep-deprivation-in-schools-the-hidden-mental-wellness-crisis\/","url":"https:\/\/www.lightspeedsystems.com\/blog\/sleep-deprivation-in-schools-the-hidden-mental-wellness-crisis\/","name":"Le manque de sommeil chez les \u00e9tudiants : une crise de sant\u00e9 mentale cach\u00e9e","isPartOf":{"@id":"https:\/\/www.lightspeedsystems.com\/zh\/#website"},"primaryImageOfPage":{"@id":"https:\/\/www.lightspeedsystems.com\/blog\/sleep-deprivation-in-schools-the-hidden-mental-wellness-crisis\/#primaryimage"},"image":{"@id":"https:\/\/www.lightspeedsystems.com\/blog\/sleep-deprivation-in-schools-the-hidden-mental-wellness-crisis\/#primaryimage"},"thumbnailUrl":"https:\/\/www.lightspeedsystems.com\/wp-content\/uploads\/2025\/11\/sleep-deprived-student-desk.jpeg","datePublished":"2025-11-11T19:26:04+00:00","dateModified":"2025-11-19T22:03:50+00:00","description":"Le manque de sommeil chronique est une cause fr\u00e9quente de probl\u00e8mes de sant\u00e9 mentale chez les \u00e9l\u00e8ves du primaire et du secondaire. Gr\u00e2ce \u00e0 des outils et des changements adapt\u00e9s, leur bien-\u00eatre et leurs r\u00e9sultats scolaires s&#039;am\u00e9liorent.","breadcrumb":{"@id":"https:\/\/www.lightspeedsystems.com\/blog\/sleep-deprivation-in-schools-the-hidden-mental-wellness-crisis\/#breadcrumb"},"inLanguage":"fr-FR","potentialAction":[{"@type":"ReadAction","target":["https:\/\/www.lightspeedsystems.com\/blog\/sleep-deprivation-in-schools-the-hidden-mental-wellness-crisis\/"]}]},{"@type":"ImageObject","inLanguage":"fr-FR","@id":"https:\/\/www.lightspeedsystems.com\/blog\/sleep-deprivation-in-schools-the-hidden-mental-wellness-crisis\/#primaryimage","url":"https:\/\/www.lightspeedsystems.com\/wp-content\/uploads\/2025\/11\/sleep-deprived-student-desk.jpeg","contentUrl":"https:\/\/www.lightspeedsystems.com\/wp-content\/uploads\/2025\/11\/sleep-deprived-student-desk.jpeg","width":1480,"height":960},{"@type":"BreadcrumbList","@id":"https:\/\/www.lightspeedsystems.com\/blog\/sleep-deprivation-in-schools-the-hidden-mental-wellness-crisis\/#breadcrumb","itemListElement":[{"@type":"ListItem","position":1,"name":"Home","item":"https:\/\/www.lightspeedsystems.com\/"},{"@type":"ListItem","position":2,"name":"Sleep Deprivation in Schools: The Hidden Mental Wellness Crisis"}]},{"@type":"WebSite","@id":"https:\/\/www.lightspeedsystems.com\/zh\/#website","url":"https:\/\/www.lightspeedsystems.com\/zh\/","name":"Syst\u00e8mes Lightspeed","description":"Aider les communaut\u00e9s de la maternelle \u00e0 la terminale \u00e0 offrir une \u00e9ducation s\u00fbre, s\u00e9curis\u00e9e et \u00e9quitable, sans effort.","publisher":{"@id":"https:\/\/www.lightspeedsystems.com\/zh\/#organization"},"potentialAction":[{"@type":"SearchAction","target":{"@type":"EntryPoint","urlTemplate":"https:\/\/www.lightspeedsystems.com\/zh\/?s={search_term_string}"},"query-input":{"@type":"PropertyValueSpecification","valueRequired":true,"valueName":"search_term_string"}}],"inLanguage":"fr-FR"},{"@type":"Organization","@id":"https:\/\/www.lightspeedsystems.com\/zh\/#organization","name":"Syst\u00e8mes Lightspeed","url":"https:\/\/www.lightspeedsystems.com\/zh\/","logo":{"@type":"ImageObject","inLanguage":"fr-FR","@id":"https:\/\/www.lightspeedsystems.com\/zh\/#\/schema\/logo\/image\/","url":"https:\/\/www.lightspeedsystems.com\/wp-content\/uploads\/2024\/12\/lightspeed_systems_logo.svg","contentUrl":"https:\/\/www.lightspeedsystems.com\/wp-content\/uploads\/2024\/12\/lightspeed_systems_logo.svg","caption":"Lightspeed Systems"},"image":{"@id":"https:\/\/www.lightspeedsystems.com\/zh\/#\/schema\/logo\/image\/"},"sameAs":["https:\/\/www.facebook.com\/lightspeedsystems\/","https:\/\/x.com\/lightspeedsys","https:\/\/www.linkedin.com\/company\/lightspeed-systems\/"]},{"@type":"Person","@id":"https:\/\/www.lightspeedsystems.com\/zh\/#\/schema\/person\/a996dc5e11a575f0b42c0e12340978aa","name":"Gracemellette","image":{"@type":"ImageObject","inLanguage":"fr-FR","@id":"https:\/\/secure.gravatar.com\/avatar\/618018ae54f6cabf8dcfeba46b0734c9b0a3e36b133a10a6130d917ad395cbd9?s=96&d=mm&r=g","url":"https:\/\/secure.gravatar.com\/avatar\/618018ae54f6cabf8dcfeba46b0734c9b0a3e36b133a10a6130d917ad395cbd9?s=96&d=mm&r=g","contentUrl":"https:\/\/secure.gravatar.com\/avatar\/618018ae54f6cabf8dcfeba46b0734c9b0a3e36b133a10a6130d917ad395cbd9?s=96&d=mm&r=g","caption":"gracemellette"},"url":"https:\/\/www.lightspeedsystems.com\/fr\/person\/kevin-askew\/"}]}},"_links":{"self":[{"href":"https:\/\/www.lightspeedsystems.com\/fr\/wp-json\/wp\/v2\/posts\/39220","targetHints":{"allow":["GET"]}}],"collection":[{"href":"https:\/\/www.lightspeedsystems.com\/fr\/wp-json\/wp\/v2\/posts"}],"about":[{"href":"https:\/\/www.lightspeedsystems.com\/fr\/wp-json\/wp\/v2\/types\/post"}],"author":[{"embeddable":true,"href":"https:\/\/www.lightspeedsystems.com\/fr\/wp-json\/wp\/v2\/users\/19"}],"replies":[{"embeddable":true,"href":"https:\/\/www.lightspeedsystems.com\/fr\/wp-json\/wp\/v2\/comments?post=39220"}],"version-history":[{"count":0,"href":"https:\/\/www.lightspeedsystems.com\/fr\/wp-json\/wp\/v2\/posts\/39220\/revisions"}],"acf:post":[{"embeddable":true,"href":"https:\/\/www.lightspeedsystems.com\/fr\/wp-json\/wp\/v2\/person\/35527"}],"wp:featuredmedia":[{"embeddable":true,"href":"https:\/\/www.lightspeedsystems.com\/fr\/wp-json\/wp\/v2\/media\/39222"}],"wp:attachment":[{"href":"https:\/\/www.lightspeedsystems.com\/fr\/wp-json\/wp\/v2\/media?parent=39220"}],"wp:term":[{"taxonomy":"category","embeddable":true,"href":"https:\/\/www.lightspeedsystems.com\/fr\/wp-json\/wp\/v2\/categories?post=39220"},{"taxonomy":"post_tag","embeddable":true,"href":"https:\/\/www.lightspeedsystems.com\/fr\/wp-json\/wp\/v2\/tags?post=39220"}],"curies":[{"name":"wp","href":"https:\/\/api.w.org\/{rel}","templated":true}]}}